{"id":31339,"date":"2026-08-31T09:28:17","date_gmt":"2026-08-31T15:28:17","guid":{"rendered":"https:\/\/fiscaliageneralqro.gob.mx\/portal\/?p=31339"},"modified":"2026-08-31T09:28:17","modified_gmt":"2026-08-31T15:28:17","slug":"sinergia-social-fortalece-dialogo-y-colaboracion-con-la-sociedad-civil","status":"publish","type":"post","link":"https:\/\/fiscaliageneralqro.gob.mx\/portal\/2026\/08\/31\/sinergia-social-fortalece-dialogo-y-colaboracion-con-la-sociedad-civil\/","title":{"rendered":"Sinergia Social fortalece di\u00e1logo y colaboraci\u00f3n con la sociedad civil"},"content":{"rendered":"\n<p class=\"wp-block-paragraph\">Fiscal\u00eda  al d\u00eda<\/p>\n\n\n\n<p class=\"wp-block-paragraph\">Noticias y Actualidad<svg xmlns=\"http:\/\/www.w3.org\/2000\/svg\" id=\"Capa_1\" viewBox=\"0 0 1080 1080\"><\/svg><\/p>\n\n\n\n<p class=\"wp-block-paragraph\">CCS\/454<\/p>\n\n\n\n<p class=\"wp-block-paragraph\">Como parte de las acciones de Sinergia Social, el Fiscal General del Estado, V\u00edctor Antonio De Jes\u00fas Hern\u00e1ndez, junto con otras personas del cuerpo directivo de la Fiscal\u00eda; sostuvo una reuni\u00f3n de trabajo con Vianca La Bastida, con el prop\u00f3sito de fortalecer los canales de comunicaci\u00f3n y colaboraci\u00f3n entre la Fiscal\u00eda General del Estado y la sociedad civil.<\/p>\n\n\n\n<p class=\"wp-block-paragraph\">Durante el encuentro se intercambiaron puntos de vista sobre la importancia de mantener una Sinergia permanente que permita identificar \u00e1reas que puedan fortalecer la atenci\u00f3n a la ciudadan\u00eda, as\u00ed como impulsar acciones con perspectiva de g\u00e9nero que contribuyan a la prevenci\u00f3n de las violencias, el acceso a la justicia y la construcci\u00f3n de entornos m\u00e1s seguros e igualitarios.<\/p>\n\n\n\n<p class=\"wp-block-paragraph\">El Fiscal General destac\u00f3 que la participaci\u00f3n de la sociedad representa un elemento fundamental para consolidar instituciones m\u00e1s cercanas, transparentes y sensibles a las necesidades de las y los queretanos, privilegiando el di\u00e1logo como una herramienta para generar soluciones conjuntas.<\/p>\n\n\n\n<p class=\"wp-block-paragraph\"><\/p>\n\n\n\n<p class=\"wp-block-paragraph\"><\/p>\n\n\n\n<p class=\"wp-block-paragraph\"><\/p>\n\n\n\n<p class=\"wp-block-paragraph\"><\/p>\n\n\n\n<p class=\"wp-block-paragraph\"><\/p>\n\n\n\n<p class=\"wp-block-paragraph\"><\/p>\n\n\n\n<p class=\"wp-block-paragraph\"><\/p>\n","protected":false},"excerpt":{"rendered":"<p>El Fiscal General y parte del cuerpo directivo sostuvieron un encuentro con Vianca La Bastida para fortalecer los canales de comunicaci\u00f3n y vinculaci\u00f3n con la sociedad civil.<\/p>\n<p>Durante la reuni\u00f3n se abordaron acciones con perspectiva de g\u00e9nero orientadas a la prevenci\u00f3n de las violencias, el acceso a la justicia y la atenci\u00f3n a la ciudadan\u00eda.<\/p>\n","protected":false},"author":2,"featured_media":31332,"comment_status":"closed","ping_status":"open","sticky":false,"template":"","format":"standard","meta":{"footnotes":""},"categories":[52],"tags":[],"class_list":["post-31339","post","type-post","status-publish","format-standard","has-post-thumbnail","hentry","category-institucional"],"_links":{"self":[{"href":"https:\/\/fiscaliageneralqro.gob.mx\/portal\/wp-json\/wp\/v2\/posts\/31339","targetHints":{"allow":["GET"]}}],"collection":[{"href":"https:\/\/fiscaliageneralqro.gob.mx\/portal\/wp-json\/wp\/v2\/posts"}],"about":[{"href":"https:\/\/fiscaliageneralqro.gob.mx\/portal\/wp-json\/wp\/v2\/types\/post"}],"author":[{"embeddable":true,"href":"https:\/\/fiscaliageneralqro.gob.mx\/portal\/wp-json\/wp\/v2\/users\/2"}],"replies":[{"embeddable":true,"href":"https:\/\/fiscaliageneralqro.gob.mx\/portal\/wp-json\/wp\/v2\/comments?post=31339"}],"version-history":[{"count":1,"href":"https:\/\/fiscaliageneralqro.gob.mx\/portal\/wp-json\/wp\/v2\/posts\/31339\/revisions"}],"predecessor-version":[{"id":31359,"href":"https:\/\/fiscaliageneralqro.gob.mx\/portal\/wp-json\/wp\/v2\/posts\/31339\/revisions\/31359"}],"wp:featuredmedia":[{"embeddable":true,"href":"https:\/\/fiscaliageneralqro.gob.mx\/portal\/wp-json\/wp\/v2\/media\/31332"}],"wp:attachment":[{"href":"https:\/\/fiscaliageneralqro.gob.mx\/portal\/wp-json\/wp\/v2\/media?parent=31339"}],"wp:term":[{"taxonomy":"category","embeddable":true,"href":"https:\/\/fiscaliageneralqro.gob.mx\/portal\/wp-json\/wp\/v2\/categories?post=31339"},{"taxonomy":"post_tag","embeddable":true,"href":"https:\/\/fiscaliageneralqro.gob.mx\/portal\/wp-json\/wp\/v2\/tags?post=31339"}],"curies":[{"name":"wp","href":"https:\/\/api.w.org\/{rel}","templated":true}]}}