{"id":31363,"date":"2026-08-31T11:02:17","date_gmt":"2026-08-31T17:02:17","guid":{"rendered":"https:\/\/fiscaliageneralqro.gob.mx\/portal\/?p=31363"},"modified":"2026-08-31T11:02:21","modified_gmt":"2026-08-31T17:02:21","slug":"en-prision-por-lesiones-calificadas-cometidas-con-un-objeto-contundente","status":"publish","type":"post","link":"https:\/\/fiscaliageneralqro.gob.mx\/portal\/2026\/08\/31\/en-prision-por-lesiones-calificadas-cometidas-con-un-objeto-contundente\/","title":{"rendered":"En prisi\u00f3n por lesiones calificadas cometidas con un objeto contundente"},"content":{"rendered":"\n<p class=\"wp-block-paragraph\">Fiscal\u00eda  al d\u00eda<\/p>\n\n\n\n<p class=\"wp-block-paragraph\">Noticias y Actualidad<svg xmlns=\"http:\/\/www.w3.org\/2000\/svg\" id=\"Capa_1\" viewBox=\"0 0 1080 1080\"><\/svg><\/p>\n\n\n\n<p class=\"wp-block-paragraph\">CCS\/456<\/p>\n\n\n\n<p class=\"wp-block-paragraph\">La Fiscal\u00eda General del Estado de Quer\u00e9taro obtuvo la vinculaci\u00f3n a proceso de \u00c1ngel \u201cN\u201d por el delito de lesiones calificadas, derivado de hechos ocurridos en el municipio de Quer\u00e9taro.<\/p>\n\n\n\n<p class=\"wp-block-paragraph\">De acuerdo con la investigaci\u00f3n, el 19 de julio de 2026, la v\u00edctima se encontraba en su domicilio ubicado en la colonia La Sierrita, cuando el imputado arrib\u00f3 al lugar portando una manopla met\u00e1lica. Al salir la v\u00edctima del inmueble, presuntamente fue agredida por el imputado, resultando con diversas lesiones.<\/p>\n\n\n\n<p class=\"wp-block-paragraph\">Como parte de las diligencias ministeriales, se dio intervenci\u00f3n a la Polic\u00eda de Investigaci\u00f3n del Delito, se recabaron entrevistas de testigos y se obtuvo una orden de cateo, misma que fue cumplimentada con la finalidad de localizar y asegurar objetos relacionados con la agresi\u00f3n, fortaleciendo los datos de prueba integrados en la carpeta de investigaci\u00f3n.<\/p>\n\n\n\n<p class=\"wp-block-paragraph\">Durante la audiencia inicial, esta Fiscal\u00eda formul\u00f3 imputaci\u00f3n y, tras la presentaci\u00f3n de los datos de prueba, la autoridad judicial resolvi\u00f3 vincular a proceso a \u00c1ngel \u201cN\u201d. Asimismo, impuso la medida cautelar de prisi\u00f3n preventiva justificada y fij\u00f3 un plazo de un mes para la investigaci\u00f3n complementaria.<\/p>\n\n\n\n<p class=\"wp-block-paragraph\"><\/p>\n\n\n\n<p class=\"wp-block-paragraph\"><\/p>\n\n\n\n<p class=\"wp-block-paragraph\"><\/p>\n\n\n\n<p class=\"wp-block-paragraph\"><\/p>\n\n\n\n<p class=\"wp-block-paragraph\"><\/p>\n\n\n\n<p class=\"wp-block-paragraph\"><\/p>\n\n\n\n<p class=\"wp-block-paragraph\"><\/p>\n","protected":false},"excerpt":{"rendered":"<p>Durante la investigaci\u00f3n se ejecut\u00f3 una orden de cateo que permiti\u00f3 asegurar objetos relacionados con la agresi\u00f3n.\u2028<\/p>\n<p>El imputado presuntamente lesion\u00f3 a la v\u00edctima con un objeto contundente  al exterior de un domicilio en la colonia La Sierrita.<\/p>\n","protected":false},"author":2,"featured_media":31364,"comment_status":"closed","ping_status":"open","sticky":false,"template":"","format":"standard","meta":{"footnotes":""},"categories":[46,50,47],"tags":[],"class_list":["post-31363","post","type-post","status-publish","format-standard","has-post-thumbnail","hentry","category-cateos","category-detencion","category-vinculacion"],"_links":{"self":[{"href":"https:\/\/fiscaliageneralqro.gob.mx\/portal\/wp-json\/wp\/v2\/posts\/31363","targetHints":{"allow":["GET"]}}],"collection":[{"href":"https:\/\/fiscaliageneralqro.gob.mx\/portal\/wp-json\/wp\/v2\/posts"}],"about":[{"href":"https:\/\/fiscaliageneralqro.gob.mx\/portal\/wp-json\/wp\/v2\/types\/post"}],"author":[{"embeddable":true,"href":"https:\/\/fiscaliageneralqro.gob.mx\/portal\/wp-json\/wp\/v2\/users\/2"}],"replies":[{"embeddable":true,"href":"https:\/\/fiscaliageneralqro.gob.mx\/portal\/wp-json\/wp\/v2\/comments?post=31363"}],"version-history":[{"count":1,"href":"https:\/\/fiscaliageneralqro.gob.mx\/portal\/wp-json\/wp\/v2\/posts\/31363\/revisions"}],"predecessor-version":[{"id":31365,"href":"https:\/\/fiscaliageneralqro.gob.mx\/portal\/wp-json\/wp\/v2\/posts\/31363\/revisions\/31365"}],"wp:featuredmedia":[{"embeddable":true,"href":"https:\/\/fiscaliageneralqro.gob.mx\/portal\/wp-json\/wp\/v2\/media\/31364"}],"wp:attachment":[{"href":"https:\/\/fiscaliageneralqro.gob.mx\/portal\/wp-json\/wp\/v2\/media?parent=31363"}],"wp:term":[{"taxonomy":"category","embeddable":true,"href":"https:\/\/fiscaliageneralqro.gob.mx\/portal\/wp-json\/wp\/v2\/categories?post=31363"},{"taxonomy":"post_tag","embeddable":true,"href":"https:\/\/fiscaliageneralqro.gob.mx\/portal\/wp-json\/wp\/v2\/tags?post=31363"}],"curies":[{"name":"wp","href":"https:\/\/api.w.org\/{rel}","templated":true}]}}