{"id":31370,"date":"2026-08-31T11:59:12","date_gmt":"2026-08-31T17:59:12","guid":{"rendered":"https:\/\/fiscaliageneralqro.gob.mx\/portal\/?p=31370"},"modified":"2026-08-31T11:59:48","modified_gmt":"2026-08-31T17:59:48","slug":"sinergia-cumplimenta-orden-de-aprehension-contra-el-guero-era-requerido-en-guanajuato-por-delitos-contra-la-salud","status":"publish","type":"post","link":"https:\/\/fiscaliageneralqro.gob.mx\/portal\/2026\/08\/31\/sinergia-cumplimenta-orden-de-aprehension-contra-el-guero-era-requerido-en-guanajuato-por-delitos-contra-la-salud\/","title":{"rendered":"Sinergia cumplimenta orden de aprehensi\u00f3n contra \u201cEl G\u00fcero\u201d; era requerido en Guanajuato por delitos contra la salud"},"content":{"rendered":"\n<p class=\"wp-block-paragraph\">Fiscal\u00eda  al d\u00eda<\/p>\n\n\n\n<p class=\"wp-block-paragraph\">Noticias y Actualidad<svg xmlns=\"http:\/\/www.w3.org\/2000\/svg\" id=\"Capa_1\" viewBox=\"0 0 1080 1080\"><\/svg><\/p>\n\n\n\n<p class=\"wp-block-paragraph\">CCS\/458<\/p>\n\n\n\n<p class=\"wp-block-paragraph\">La Fiscal\u00eda General del Estado de Quer\u00e9taro, a trav\u00e9s de la Polic\u00eda de Investigaci\u00f3n del Delito, cumpliment\u00f3 una orden de aprehensi\u00f3n por colaboraci\u00f3n en contra de Albino \u201cN\u201d, alias \u201cEl G\u00fcero\u201d, quien es requerido por autoridades del estado de Guanajuato por su presunta participaci\u00f3n en delitos contra la salud.<\/p>\n\n\n\n<p class=\"wp-block-paragraph\">La detenci\u00f3n se llev\u00f3 a cabo el 25 de julio de 2026 en la colonia Centro Sur, en cumplimiento del mandamiento judicial emitido dentro de la causa penal correspondiente.<\/p>\n\n\n\n<p class=\"wp-block-paragraph\">Una vez corroborada la identidad del imputado, elementos de la Polic\u00eda de Investigaci\u00f3n del Delito le notificaron la existencia de la orden de aprehensi\u00f3n en su contra, le informaron sus derechos como persona detenida y realizaron los tr\u00e1mites legales para ponerlo a disposici\u00f3n de la autoridad requirente, conforme al convenio de colaboraci\u00f3n institucional entre fiscal\u00edas.<\/p>\n\n\n\n<p class=\"wp-block-paragraph\">Con estas acciones, la Fiscal\u00eda General del Estado de Quer\u00e9taro refrenda su compromiso de fortalecer la Sinergia con las instituciones de procuraci\u00f3n de justicia del pa\u00eds para dar cumplimiento a mandamientos judiciales y combatir la impunidad.<\/p>\n\n\n\n<p class=\"wp-block-paragraph\"><\/p>\n\n\n\n<p class=\"wp-block-paragraph\"><\/p>\n\n\n\n<p class=\"wp-block-paragraph\"><\/p>\n\n\n\n<p class=\"wp-block-paragraph\"><\/p>\n\n\n\n<p class=\"wp-block-paragraph\"><\/p>\n\n\n\n<p class=\"wp-block-paragraph\"><\/p>\n\n\n\n<p class=\"wp-block-paragraph\"><\/p>\n","protected":false},"excerpt":{"rendered":"<p>La Polic\u00eda de Investigaci\u00f3n del Delito cumpliment\u00f3 el mandamiento judicial emitido por autoridades de Guanajuato.<\/p>\n<p>La acci\u00f3n se realiz\u00f3 mediante los mecanismos de colaboraci\u00f3n y Sinergia entre las Fiscal\u00edas de Quer\u00e9taro y Guanajuato.<\/p>\n","protected":false},"author":2,"featured_media":31368,"comment_status":"closed","ping_status":"open","sticky":false,"template":"","format":"standard","meta":{"footnotes":""},"categories":[51,50],"tags":[],"class_list":["post-31370","post","type-post","status-publish","format-standard","has-post-thumbnail","hentry","category-colaboracion","category-detencion"],"_links":{"self":[{"href":"https:\/\/fiscaliageneralqro.gob.mx\/portal\/wp-json\/wp\/v2\/posts\/31370","targetHints":{"allow":["GET"]}}],"collection":[{"href":"https:\/\/fiscaliageneralqro.gob.mx\/portal\/wp-json\/wp\/v2\/posts"}],"about":[{"href":"https:\/\/fiscaliageneralqro.gob.mx\/portal\/wp-json\/wp\/v2\/types\/post"}],"author":[{"embeddable":true,"href":"https:\/\/fiscaliageneralqro.gob.mx\/portal\/wp-json\/wp\/v2\/users\/2"}],"replies":[{"embeddable":true,"href":"https:\/\/fiscaliageneralqro.gob.mx\/portal\/wp-json\/wp\/v2\/comments?post=31370"}],"version-history":[{"count":2,"href":"https:\/\/fiscaliageneralqro.gob.mx\/portal\/wp-json\/wp\/v2\/posts\/31370\/revisions"}],"predecessor-version":[{"id":31372,"href":"https:\/\/fiscaliageneralqro.gob.mx\/portal\/wp-json\/wp\/v2\/posts\/31370\/revisions\/31372"}],"wp:featuredmedia":[{"embeddable":true,"href":"https:\/\/fiscaliageneralqro.gob.mx\/portal\/wp-json\/wp\/v2\/media\/31368"}],"wp:attachment":[{"href":"https:\/\/fiscaliageneralqro.gob.mx\/portal\/wp-json\/wp\/v2\/media?parent=31370"}],"wp:term":[{"taxonomy":"category","embeddable":true,"href":"https:\/\/fiscaliageneralqro.gob.mx\/portal\/wp-json\/wp\/v2\/categories?post=31370"},{"taxonomy":"post_tag","embeddable":true,"href":"https:\/\/fiscaliageneralqro.gob.mx\/portal\/wp-json\/wp\/v2\/tags?post=31370"}],"curies":[{"name":"wp","href":"https:\/\/api.w.org\/{rel}","templated":true}]}}