{"id":31377,"date":"2026-08-31T17:05:50","date_gmt":"2026-08-31T23:05:50","guid":{"rendered":"https:\/\/fiscaliageneralqro.gob.mx\/portal\/?p=31377"},"modified":"2026-08-31T17:05:50","modified_gmt":"2026-08-31T23:05:50","slug":"fiscal-general-acompana-fortalecimiento-de-capacidades-de-la-policia-municipal-de-queretaro","status":"publish","type":"post","link":"https:\/\/fiscaliageneralqro.gob.mx\/portal\/2026\/08\/31\/fiscal-general-acompana-fortalecimiento-de-capacidades-de-la-policia-municipal-de-queretaro\/","title":{"rendered":"Fiscal General acompa\u00f1a fortalecimiento de capacidades de la Polic\u00eda Municipal de Quer\u00e9taro"},"content":{"rendered":"\n<p class=\"wp-block-paragraph\">Fiscal\u00eda  al d\u00eda<\/p>\n\n\n\n<p class=\"wp-block-paragraph\">Noticias y Actualidad<svg xmlns=\"http:\/\/www.w3.org\/2000\/svg\" id=\"Capa_1\" viewBox=\"0 0 1080 1080\"><\/svg><\/p>\n\n\n\n<p class=\"wp-block-paragraph\">CCS\/460<\/p>\n\n\n\n<p class=\"wp-block-paragraph\">El Fiscal General del Estado de Quer\u00e9taro, V\u00edctor Antonio De Jes\u00fas Hern\u00e1ndez, asisti\u00f3 a la entrega de equipamiento para el fortalecimiento de la Polic\u00eda Municipal de Quer\u00e9taro, encabezada por Felipe Fernando Mac\u00edas Olvera, presidente municipal de Quer\u00e9taro, acompa\u00f1ado por Juan Luis Ferrusca Ortiz, secretario de Seguridad P\u00fablica Municipal de Quer\u00e9taro.<\/p>\n\n\n\n<p class=\"wp-block-paragraph\">Tambi\u00e9n estuvieron presentes Iov\u00e1n El\u00edas P\u00e9rez Hern\u00e1ndez, secretario de Seguridad Ciudadana del Estado de Quer\u00e9taro, as\u00ed como el General Brigadier Ricardo Melendrez Cervantes, coordinador estatal de la Guardia Nacional en Quer\u00e9taro, entre otras autoridades.<\/p>\n\n\n\n<p class=\"wp-block-paragraph\">El fortalecimiento de la Polic\u00eda Municipal de Quer\u00e9taro contribuye tambi\u00e9n a consolidar las capacidades institucionales que se suman diariamente a Sinergia por Quer\u00e9taro. La Fiscal\u00eda General del Estado mantendr\u00e1 la coordinaci\u00f3n permanente con la corporaci\u00f3n municipal, sumando esfuerzos operativos para fortalecer la seguridad y la procuraci\u00f3n de justicia en la capital queretana.<\/p>\n\n\n\n<p class=\"wp-block-paragraph\"><\/p>\n\n\n\n<p class=\"wp-block-paragraph\"><\/p>\n\n\n\n<p class=\"wp-block-paragraph\"><\/p>\n\n\n\n<p class=\"wp-block-paragraph\"><\/p>\n\n\n\n<p class=\"wp-block-paragraph\"><\/p>\n\n\n\n<p class=\"wp-block-paragraph\"><\/p>\n\n\n\n<p class=\"wp-block-paragraph\"><\/p>\n","protected":false},"excerpt":{"rendered":"<p>El Fiscal General asisti\u00f3 a la entrega de equipamiento encabezada por el presidente municipal de Quer\u00e9taro para fortalecer las capacidades operativas de la corporaci\u00f3n.<\/p>\n<p>El nuevo equipamiento se suma a las capacidades institucionales que trabajan de manera coordinada a trav\u00e9s de Sinergia por Quer\u00e9taro.<\/p>\n","protected":false},"author":2,"featured_media":31378,"comment_status":"closed","ping_status":"open","sticky":false,"template":"","format":"standard","meta":{"footnotes":""},"categories":[52],"tags":[],"class_list":["post-31377","post","type-post","status-publish","format-standard","has-post-thumbnail","hentry","category-institucional"],"_links":{"self":[{"href":"https:\/\/fiscaliageneralqro.gob.mx\/portal\/wp-json\/wp\/v2\/posts\/31377","targetHints":{"allow":["GET"]}}],"collection":[{"href":"https:\/\/fiscaliageneralqro.gob.mx\/portal\/wp-json\/wp\/v2\/posts"}],"about":[{"href":"https:\/\/fiscaliageneralqro.gob.mx\/portal\/wp-json\/wp\/v2\/types\/post"}],"author":[{"embeddable":true,"href":"https:\/\/fiscaliageneralqro.gob.mx\/portal\/wp-json\/wp\/v2\/users\/2"}],"replies":[{"embeddable":true,"href":"https:\/\/fiscaliageneralqro.gob.mx\/portal\/wp-json\/wp\/v2\/comments?post=31377"}],"version-history":[{"count":1,"href":"https:\/\/fiscaliageneralqro.gob.mx\/portal\/wp-json\/wp\/v2\/posts\/31377\/revisions"}],"predecessor-version":[{"id":31379,"href":"https:\/\/fiscaliageneralqro.gob.mx\/portal\/wp-json\/wp\/v2\/posts\/31377\/revisions\/31379"}],"wp:featuredmedia":[{"embeddable":true,"href":"https:\/\/fiscaliageneralqro.gob.mx\/portal\/wp-json\/wp\/v2\/media\/31378"}],"wp:attachment":[{"href":"https:\/\/fiscaliageneralqro.gob.mx\/portal\/wp-json\/wp\/v2\/media?parent=31377"}],"wp:term":[{"taxonomy":"category","embeddable":true,"href":"https:\/\/fiscaliageneralqro.gob.mx\/portal\/wp-json\/wp\/v2\/categories?post=31377"},{"taxonomy":"post_tag","embeddable":true,"href":"https:\/\/fiscaliageneralqro.gob.mx\/portal\/wp-json\/wp\/v2\/tags?post=31377"}],"curies":[{"name":"wp","href":"https:\/\/api.w.org\/{rel}","templated":true}]}}