{"id":31380,"date":"2026-09-01T10:26:41","date_gmt":"2026-09-01T16:26:41","guid":{"rendered":"https:\/\/fiscaliageneralqro.gob.mx\/portal\/?p=31380"},"modified":"2026-09-01T10:26:42","modified_gmt":"2026-09-01T16:26:42","slug":"el-flaco-en-prision-por-robo-de-vehiculo-cometido-en-altos-del-pueblito","status":"publish","type":"post","link":"https:\/\/fiscaliageneralqro.gob.mx\/portal\/2026\/09\/01\/el-flaco-en-prision-por-robo-de-vehiculo-cometido-en-altos-del-pueblito\/","title":{"rendered":"\u00abEl Flaco\u00bb en prisi\u00f3n por robo de veh\u00edculo cometido en Altos del Pueblito"},"content":{"rendered":"\n<p class=\"wp-block-paragraph\">Fiscal\u00eda  al d\u00eda<\/p>\n\n\n\n<p class=\"wp-block-paragraph\">Noticias y Actualidad<svg xmlns=\"http:\/\/www.w3.org\/2000\/svg\" id=\"Capa_1\" viewBox=\"0 0 1080 1080\"><\/svg><\/p>\n\n\n\n<p class=\"wp-block-paragraph\">CCS\/461<\/p>\n\n\n\n<p class=\"wp-block-paragraph\">La Fiscal\u00eda General del Estado de Quer\u00e9taro obtuvo la vinculaci\u00f3n a proceso de Jos\u00e9 Manuel \u201cN\u201d alias \u00abEl Flaco\u00bb por su probable intervenci\u00f3n en el delito de robo de veh\u00edculo, derivado de hechos ocurridos el 28 de julio de 2026 en la colonia Altos del Pueblito.<\/p>\n\n\n\n<p class=\"wp-block-paragraph\">De acuerdo con la investigaci\u00f3n, la v\u00edctima circulaba a bordo de un veh\u00edculo sobre la calle Girasoles y posteriormente descendi\u00f3 de la unidad en compa\u00f1\u00eda de otra persona. Minutos despu\u00e9s, el ahora imputado presuntamente abord\u00f3 el veh\u00edculo y se retir\u00f3 del lugar, apoder\u00e1ndose adem\u00e1s de tel\u00e9fonos celulares, herramienta y dinero en efectivo que se encontraban en su interior.<\/p>\n\n\n\n<p class=\"wp-block-paragraph\">A partir del conocimiento de los hechos, se inici\u00f3 la carpeta de investigaci\u00f3n correspondiente y se dio intervenci\u00f3n a la Polic\u00eda de Investigaci\u00f3n del Delito, cuyos elementos desarrollaron diversos actos de investigaci\u00f3n que permitieron establecer la probable intervenci\u00f3n del imputado y obtener una orden de aprehensi\u00f3n en su contra.<\/p>\n\n\n\n<p class=\"wp-block-paragraph\">Durante la audiencia inicial por cumplimiento de orden de aprehensi\u00f3n, la autoridad judicial resolvi\u00f3 vincular a proceso a Jos\u00e9 Manuel \u201cN\u201d e imponerle como medida cautelar prisi\u00f3n preventiva justificada, adem\u00e1s de establecer un plazo de un mes para la investigaci\u00f3n complementaria.<\/p>\n\n\n\n<p class=\"wp-block-paragraph\"><\/p>\n\n\n\n<p class=\"wp-block-paragraph\"><\/p>\n\n\n\n<p class=\"wp-block-paragraph\"><\/p>\n\n\n\n<p class=\"wp-block-paragraph\"><\/p>\n\n\n\n<p class=\"wp-block-paragraph\"><\/p>\n\n\n\n<p class=\"wp-block-paragraph\"><\/p>\n\n\n\n<p class=\"wp-block-paragraph\"><\/p>\n","protected":false},"excerpt":{"rendered":"<p>El imputado se habr\u00eda apoderado de un veh\u00edculo, as\u00ed como de diversos objetos que se encontraban en su interior.<\/p>\n<p>La investigaci\u00f3n permiti\u00f3 establecer su probable intervenci\u00f3n y obtener una orden de aprehensi\u00f3n.<\/p>\n","protected":false},"author":2,"featured_media":31381,"comment_status":"closed","ping_status":"open","sticky":false,"template":"","format":"standard","meta":{"footnotes":""},"categories":[47],"tags":[],"class_list":["post-31380","post","type-post","status-publish","format-standard","has-post-thumbnail","hentry","category-vinculacion"],"_links":{"self":[{"href":"https:\/\/fiscaliageneralqro.gob.mx\/portal\/wp-json\/wp\/v2\/posts\/31380","targetHints":{"allow":["GET"]}}],"collection":[{"href":"https:\/\/fiscaliageneralqro.gob.mx\/portal\/wp-json\/wp\/v2\/posts"}],"about":[{"href":"https:\/\/fiscaliageneralqro.gob.mx\/portal\/wp-json\/wp\/v2\/types\/post"}],"author":[{"embeddable":true,"href":"https:\/\/fiscaliageneralqro.gob.mx\/portal\/wp-json\/wp\/v2\/users\/2"}],"replies":[{"embeddable":true,"href":"https:\/\/fiscaliageneralqro.gob.mx\/portal\/wp-json\/wp\/v2\/comments?post=31380"}],"version-history":[{"count":1,"href":"https:\/\/fiscaliageneralqro.gob.mx\/portal\/wp-json\/wp\/v2\/posts\/31380\/revisions"}],"predecessor-version":[{"id":31382,"href":"https:\/\/fiscaliageneralqro.gob.mx\/portal\/wp-json\/wp\/v2\/posts\/31380\/revisions\/31382"}],"wp:featuredmedia":[{"embeddable":true,"href":"https:\/\/fiscaliageneralqro.gob.mx\/portal\/wp-json\/wp\/v2\/media\/31381"}],"wp:attachment":[{"href":"https:\/\/fiscaliageneralqro.gob.mx\/portal\/wp-json\/wp\/v2\/media?parent=31380"}],"wp:term":[{"taxonomy":"category","embeddable":true,"href":"https:\/\/fiscaliageneralqro.gob.mx\/portal\/wp-json\/wp\/v2\/categories?post=31380"},{"taxonomy":"post_tag","embeddable":true,"href":"https:\/\/fiscaliageneralqro.gob.mx\/portal\/wp-json\/wp\/v2\/tags?post=31380"}],"curies":[{"name":"wp","href":"https:\/\/api.w.org\/{rel}","templated":true}]}}