{"id":31383,"date":"2026-09-01T15:44:08","date_gmt":"2026-09-01T21:44:08","guid":{"rendered":"https:\/\/fiscaliageneralqro.gob.mx\/portal\/?p=31383"},"modified":"2026-09-01T15:47:59","modified_gmt":"2026-09-01T21:47:59","slug":"sinergia-regional-permite-detencion-de-garnica-por-extorsion-agravada-cometida-en-guanajuato","status":"publish","type":"post","link":"https:\/\/fiscaliageneralqro.gob.mx\/portal\/2026\/09\/01\/sinergia-regional-permite-detencion-de-garnica-por-extorsion-agravada-cometida-en-guanajuato\/","title":{"rendered":"Sinergia Regional permite detenci\u00f3n de \u201cGarnica\u201d por extorsi\u00f3n agravada cometida en Guanajuato"},"content":{"rendered":"\n<p class=\"wp-block-paragraph\">Fiscal\u00eda  al d\u00eda<\/p>\n\n\n\n<p class=\"wp-block-paragraph\">Noticias y Actualidad<svg xmlns=\"http:\/\/www.w3.org\/2000\/svg\" id=\"Capa_1\" viewBox=\"0 0 1080 1080\"><\/svg><\/p>\n\n\n\n<p class=\"wp-block-paragraph\">CCS\/462<\/p>\n\n\n\n<p class=\"wp-block-paragraph\">Como parte de las acciones de Sinergia Regional, la Fiscal\u00eda General del Estado de Quer\u00e9taro, a trav\u00e9s de la Polic\u00eda de Investigaci\u00f3n del Delito, cumpliment\u00f3 una orden de aprehensi\u00f3n en colaboraci\u00f3n con la Fiscal\u00eda General del Estado de Guanajuato en contra de Juan Alejandro \u201cN\u201d, alias \u201cGarnica\u201d, requerido por el delito de extorsi\u00f3n agravada.<\/p>\n\n\n\n<p class=\"wp-block-paragraph\">En atenci\u00f3n al requerimiento de las autoridades de Guanajuato, personal de la Unidad Especializada en Combate al Secuestro (UECS) localiz\u00f3 a Juan Alejandro \u201cN\u201d en la comunidad de San Jos\u00e9 el Alto, municipio de Quer\u00e9taro, donde se dio cumplimiento al mandamiento judicial vigente.<\/p>\n\n\n\n<p class=\"wp-block-paragraph\">Una vez ejecutada la orden de aprehensi\u00f3n, el detenido fue informado del motivo de su detenci\u00f3n y de los derechos que le asisten. Posteriormente, fue trasladado a las instalaciones de la Fiscal\u00eda General del Estado de Quer\u00e9taro para realizar los tr\u00e1mites administrativos correspondientes y ser entregado a las autoridades de Guanajuato, donde continuar\u00e1 el procedimiento legal correspondiente.<\/p>\n\n\n\n<p class=\"wp-block-paragraph\"><\/p>\n\n\n\n<p class=\"wp-block-paragraph\"><\/p>\n\n\n\n<p class=\"wp-block-paragraph\"><\/p>\n\n\n\n<p class=\"wp-block-paragraph\"><\/p>\n\n\n\n<p class=\"wp-block-paragraph\"><\/p>\n\n\n\n<p class=\"wp-block-paragraph\"><\/p>\n\n\n\n<p class=\"wp-block-paragraph\"><\/p>\n","protected":false},"excerpt":{"rendered":"<p>La Polic\u00eda de Investigaci\u00f3n del Delito cumpliment\u00f3 una orden de aprehensi\u00f3n en apoyo a la Fiscal\u00eda General del Estado de Guanajuato.\u2028<\/p>\n<p>La a acci\u00f3n forma parte de la coordinaci\u00f3n permanente entre fiscal\u00edas para localizar y detener a personas requeridas por la autoridad judicial.<\/p>\n","protected":false},"author":2,"featured_media":31385,"comment_status":"closed","ping_status":"open","sticky":false,"template":"","format":"standard","meta":{"footnotes":""},"categories":[50],"tags":[],"class_list":["post-31383","post","type-post","status-publish","format-standard","has-post-thumbnail","hentry","category-detencion"],"_links":{"self":[{"href":"https:\/\/fiscaliageneralqro.gob.mx\/portal\/wp-json\/wp\/v2\/posts\/31383","targetHints":{"allow":["GET"]}}],"collection":[{"href":"https:\/\/fiscaliageneralqro.gob.mx\/portal\/wp-json\/wp\/v2\/posts"}],"about":[{"href":"https:\/\/fiscaliageneralqro.gob.mx\/portal\/wp-json\/wp\/v2\/types\/post"}],"author":[{"embeddable":true,"href":"https:\/\/fiscaliageneralqro.gob.mx\/portal\/wp-json\/wp\/v2\/users\/2"}],"replies":[{"embeddable":true,"href":"https:\/\/fiscaliageneralqro.gob.mx\/portal\/wp-json\/wp\/v2\/comments?post=31383"}],"version-history":[{"count":1,"href":"https:\/\/fiscaliageneralqro.gob.mx\/portal\/wp-json\/wp\/v2\/posts\/31383\/revisions"}],"predecessor-version":[{"id":31384,"href":"https:\/\/fiscaliageneralqro.gob.mx\/portal\/wp-json\/wp\/v2\/posts\/31383\/revisions\/31384"}],"wp:featuredmedia":[{"embeddable":true,"href":"https:\/\/fiscaliageneralqro.gob.mx\/portal\/wp-json\/wp\/v2\/media\/31385"}],"wp:attachment":[{"href":"https:\/\/fiscaliageneralqro.gob.mx\/portal\/wp-json\/wp\/v2\/media?parent=31383"}],"wp:term":[{"taxonomy":"category","embeddable":true,"href":"https:\/\/fiscaliageneralqro.gob.mx\/portal\/wp-json\/wp\/v2\/categories?post=31383"},{"taxonomy":"post_tag","embeddable":true,"href":"https:\/\/fiscaliageneralqro.gob.mx\/portal\/wp-json\/wp\/v2\/tags?post=31383"}],"curies":[{"name":"wp","href":"https:\/\/api.w.org\/{rel}","templated":true}]}}