{"id":31386,"date":"2026-09-01T15:59:30","date_gmt":"2026-09-01T21:59:30","guid":{"rendered":"https:\/\/fiscaliageneralqro.gob.mx\/portal\/?p=31386"},"modified":"2026-09-01T15:59:30","modified_gmt":"2026-09-01T21:59:30","slug":"sinergia-fortalece-intercambio-de-informacion-e-inteligencia-para-la-seguridad-de-queretaro","status":"publish","type":"post","link":"https:\/\/fiscaliageneralqro.gob.mx\/portal\/2026\/09\/01\/sinergia-fortalece-intercambio-de-informacion-e-inteligencia-para-la-seguridad-de-queretaro\/","title":{"rendered":"Sinergia fortalece intercambio de informaci\u00f3n e inteligencia para la seguridad de Quer\u00e9taro"},"content":{"rendered":"\n<p class=\"wp-block-paragraph\">Fiscal\u00eda  al d\u00eda<\/p>\n\n\n\n<p class=\"wp-block-paragraph\">Noticias y Actualidad<svg xmlns=\"http:\/\/www.w3.org\/2000\/svg\" id=\"Capa_1\" viewBox=\"0 0 1080 1080\"><\/svg><\/p>\n\n\n\n<p class=\"wp-block-paragraph\">CCS\/463<\/p>\n\n\n\n<p class=\"wp-block-paragraph\">La Fiscal\u00eda General del Estado de Quer\u00e9taro encabez\u00f3 una mesa de trabajo interinstitucional para fortalecer las acciones de seguridad en el estado, mediante el intercambio de informaci\u00f3n e inteligencia, as\u00ed como la coordinaci\u00f3n permanente entre autoridades de los distintos \u00f3rdenes de gobierno, como parte de Sinergia por Quer\u00e9taro.<\/p>\n\n\n\n<p class=\"wp-block-paragraph\">La reuni\u00f3n fue encabezada por V\u00edctor Antonio De Jes\u00fas Hern\u00e1ndez, Fiscal General del Estado, con la participaci\u00f3n de Jes\u00fas Julio F\u00e9lix Nicol\u00e1s, jefe de estaci\u00f3n del Centro Nacional de Inteligencia en Quer\u00e9taro; el General de Brigada de Estado Mayor Aldo Ra\u00fal G\u00f3mez Quintero, comandante interino de la 17\/a Zona Militar; e Iov\u00e1n El\u00edas P\u00e9rez Hern\u00e1ndez, secretario de Seguridad Ciudadana.Asimismo, participaron representantes de la Guardia Nacional, Polic\u00eda Estatal de Quer\u00e9taro y de la Fiscal\u00eda General de la Rep\u00fablica (FGR).<\/p>\n\n\n\n<p class=\"wp-block-paragraph\">Durante la mesa se analizaron temas de inter\u00e9s com\u00fan y se establecieron l\u00edneas de trabajo orientadas a fortalecer el intercambio de informaci\u00f3n e inteligencia, la planeaci\u00f3n estrat\u00e9gica y la capacidad operativa, con el objetivo de generar acciones en Sinergia para la Seguridad en Quer\u00e9taro.<\/p>\n\n\n\n<p class=\"wp-block-paragraph\"><\/p>\n\n\n\n<p class=\"wp-block-paragraph\"><\/p>\n\n\n\n<p class=\"wp-block-paragraph\"><\/p>\n\n\n\n<p class=\"wp-block-paragraph\"><\/p>\n\n\n\n<p class=\"wp-block-paragraph\"><\/p>\n\n\n\n<p class=\"wp-block-paragraph\"><\/p>\n\n\n\n<p class=\"wp-block-paragraph\"><\/p>\n","protected":false},"excerpt":{"rendered":"<p>Autoridades estatales y federales establecieron l\u00edneas de trabajo para fortalecer el intercambio de informaci\u00f3n, inteligencia y la planeaci\u00f3n estrat\u00e9gica.<\/p>\n<p>La mesa interinstitucional permiti\u00f3 articular capacidades operativas entre instituciones de seguridad y procuraci\u00f3n de justicia en el marco de Sinergia por Quer\u00e9taro.<\/p>\n","protected":false},"author":2,"featured_media":31387,"comment_status":"closed","ping_status":"open","sticky":false,"template":"","format":"standard","meta":{"footnotes":""},"categories":[52],"tags":[],"class_list":["post-31386","post","type-post","status-publish","format-standard","has-post-thumbnail","hentry","category-institucional"],"_links":{"self":[{"href":"https:\/\/fiscaliageneralqro.gob.mx\/portal\/wp-json\/wp\/v2\/posts\/31386","targetHints":{"allow":["GET"]}}],"collection":[{"href":"https:\/\/fiscaliageneralqro.gob.mx\/portal\/wp-json\/wp\/v2\/posts"}],"about":[{"href":"https:\/\/fiscaliageneralqro.gob.mx\/portal\/wp-json\/wp\/v2\/types\/post"}],"author":[{"embeddable":true,"href":"https:\/\/fiscaliageneralqro.gob.mx\/portal\/wp-json\/wp\/v2\/users\/2"}],"replies":[{"embeddable":true,"href":"https:\/\/fiscaliageneralqro.gob.mx\/portal\/wp-json\/wp\/v2\/comments?post=31386"}],"version-history":[{"count":1,"href":"https:\/\/fiscaliageneralqro.gob.mx\/portal\/wp-json\/wp\/v2\/posts\/31386\/revisions"}],"predecessor-version":[{"id":31388,"href":"https:\/\/fiscaliageneralqro.gob.mx\/portal\/wp-json\/wp\/v2\/posts\/31386\/revisions\/31388"}],"wp:featuredmedia":[{"embeddable":true,"href":"https:\/\/fiscaliageneralqro.gob.mx\/portal\/wp-json\/wp\/v2\/media\/31387"}],"wp:attachment":[{"href":"https:\/\/fiscaliageneralqro.gob.mx\/portal\/wp-json\/wp\/v2\/media?parent=31386"}],"wp:term":[{"taxonomy":"category","embeddable":true,"href":"https:\/\/fiscaliageneralqro.gob.mx\/portal\/wp-json\/wp\/v2\/categories?post=31386"},{"taxonomy":"post_tag","embeddable":true,"href":"https:\/\/fiscaliageneralqro.gob.mx\/portal\/wp-json\/wp\/v2\/tags?post=31386"}],"curies":[{"name":"wp","href":"https:\/\/api.w.org\/{rel}","templated":true}]}}