{"id":31389,"date":"2026-09-01T16:32:20","date_gmt":"2026-09-01T22:32:20","guid":{"rendered":"https:\/\/fiscaliageneralqro.gob.mx\/portal\/?p=31389"},"modified":"2026-09-01T16:32:21","modified_gmt":"2026-09-01T22:32:21","slug":"reconocimiento-al-personal-pericial-de-la-fiscalia-general-del-estado-de-queretaro","status":"publish","type":"post","link":"https:\/\/fiscaliageneralqro.gob.mx\/portal\/2026\/09\/01\/reconocimiento-al-personal-pericial-de-la-fiscalia-general-del-estado-de-queretaro\/","title":{"rendered":"Reconocimiento al Personal Pericial de la Fiscal\u00eda General del Estado de Quer\u00e9taro"},"content":{"rendered":"\n<p class=\"wp-block-paragraph\">Fiscal\u00eda  al d\u00eda<\/p>\n\n\n\n<p class=\"wp-block-paragraph\">Noticias y Actualidad<svg xmlns=\"http:\/\/www.w3.org\/2000\/svg\" id=\"Capa_1\" viewBox=\"0 0 1080 1080\"><\/svg><\/p>\n\n\n\n<p class=\"wp-block-paragraph\">CCS\/464<\/p>\n\n\n\n<p class=\"wp-block-paragraph\"><strong>Hoy reconocemos al Personal Pericial de la Fiscal\u00eda General del Estado de Quer\u00e9taro<\/strong>, cuya labor cient\u00edfica, t\u00e9cnica y especializada contribuye diariamente al esclarecimiento de los hechos y a una procuraci\u00f3n de justicia sustentada en evidencia. Nuestro reconocimiento a quienes, con profesionalismo, objetividad y rigor, ponen la ciencia al servicio de la justicia.<\/p>\n\n\n\n<p class=\"wp-block-paragraph\"><\/p>\n\n\n\n<p class=\"wp-block-paragraph\"><\/p>\n\n\n\n<p class=\"wp-block-paragraph\"><\/p>\n\n\n\n<p class=\"wp-block-paragraph\"><\/p>\n\n\n\n<p class=\"wp-block-paragraph\"><\/p>\n\n\n\n<p class=\"wp-block-paragraph\"><\/p>\n\n\n\n<p class=\"wp-block-paragraph\"><\/p>\n","protected":false},"excerpt":{"rendered":"<p>Su labor cient\u00edfica, t\u00e9cnica y especializada contribuye diariamente al esclarecimiento de los hechos y a una procuraci\u00f3n de justicia sustentada en evidencia. <\/p>\n","protected":false},"author":2,"featured_media":31390,"comment_status":"closed","ping_status":"open","sticky":false,"template":"","format":"standard","meta":{"footnotes":""},"categories":[52],"tags":[],"class_list":["post-31389","post","type-post","status-publish","format-standard","has-post-thumbnail","hentry","category-institucional"],"_links":{"self":[{"href":"https:\/\/fiscaliageneralqro.gob.mx\/portal\/wp-json\/wp\/v2\/posts\/31389","targetHints":{"allow":["GET"]}}],"collection":[{"href":"https:\/\/fiscaliageneralqro.gob.mx\/portal\/wp-json\/wp\/v2\/posts"}],"about":[{"href":"https:\/\/fiscaliageneralqro.gob.mx\/portal\/wp-json\/wp\/v2\/types\/post"}],"author":[{"embeddable":true,"href":"https:\/\/fiscaliageneralqro.gob.mx\/portal\/wp-json\/wp\/v2\/users\/2"}],"replies":[{"embeddable":true,"href":"https:\/\/fiscaliageneralqro.gob.mx\/portal\/wp-json\/wp\/v2\/comments?post=31389"}],"version-history":[{"count":1,"href":"https:\/\/fiscaliageneralqro.gob.mx\/portal\/wp-json\/wp\/v2\/posts\/31389\/revisions"}],"predecessor-version":[{"id":31391,"href":"https:\/\/fiscaliageneralqro.gob.mx\/portal\/wp-json\/wp\/v2\/posts\/31389\/revisions\/31391"}],"wp:featuredmedia":[{"embeddable":true,"href":"https:\/\/fiscaliageneralqro.gob.mx\/portal\/wp-json\/wp\/v2\/media\/31390"}],"wp:attachment":[{"href":"https:\/\/fiscaliageneralqro.gob.mx\/portal\/wp-json\/wp\/v2\/media?parent=31389"}],"wp:term":[{"taxonomy":"category","embeddable":true,"href":"https:\/\/fiscaliageneralqro.gob.mx\/portal\/wp-json\/wp\/v2\/categories?post=31389"},{"taxonomy":"post_tag","embeddable":true,"href":"https:\/\/fiscaliageneralqro.gob.mx\/portal\/wp-json\/wp\/v2\/tags?post=31389"}],"curies":[{"name":"wp","href":"https:\/\/api.w.org\/{rel}","templated":true}]}}