{"id":31396,"date":"2026-09-02T13:59:50","date_gmt":"2026-09-02T19:59:50","guid":{"rendered":"https:\/\/fiscaliageneralqro.gob.mx\/portal\/?p=31396"},"modified":"2026-09-02T13:59:50","modified_gmt":"2026-09-02T19:59:50","slug":"en-prision-por-robo-de-cable-de-alumbrado-publico-en-paseos-del-pedregal","status":"publish","type":"post","link":"https:\/\/fiscaliageneralqro.gob.mx\/portal\/2026\/09\/02\/en-prision-por-robo-de-cable-de-alumbrado-publico-en-paseos-del-pedregal\/","title":{"rendered":"En prisi\u00f3n por robo de cable de alumbrado p\u00fablico en Paseos del Pedregal"},"content":{"rendered":"\n<p class=\"wp-block-paragraph\">Fiscal\u00eda  al d\u00eda<\/p>\n\n\n\n<p class=\"wp-block-paragraph\">Noticias y Actualidad<svg xmlns=\"http:\/\/www.w3.org\/2000\/svg\" id=\"Capa_1\" viewBox=\"0 0 1080 1080\"><\/svg><\/p>\n\n\n\n<p class=\"wp-block-paragraph\">CCS\/466<\/p>\n\n\n\n<p class=\"wp-block-paragraph\">La Fiscal\u00eda General del Estado de Quer\u00e9taro obtuvo la vinculaci\u00f3n a proceso de Jos\u00e9 \u201cN\u201d por el delito de robo simple, derivado de hechos ocurridos el 15 de agosto de 2026, en la colonia Paseos del Pedregal, municipio de Quer\u00e9taro.<\/p>\n\n\n\n<p class=\"wp-block-paragraph\">De acuerdo con la investigaci\u00f3n, elementos de la Secretar\u00eda de Seguridad P\u00fablica Municipal de Quer\u00e9taro (SSPMQ) realizaban recorridos de vigilancia sobre avenida Pie de la Cuesta, cuando observaron al imputado presuntamente desprendiendo cable de un poste de alumbrado p\u00fablico.<\/p>\n\n\n\n<p class=\"wp-block-paragraph\">Al percatarse de la presencia policial, el imputado habr\u00eda guardado el cable en una mochila e intentado retirarse del lugar. Tras darle alcance, los elementos localizaron en su poder aproximadamente seis metros de cable, sin que contara con autorizaci\u00f3n para retirarlo, por lo que fue detenido y puesto a disposici\u00f3n de esta Fiscal\u00eda.<\/p>\n\n\n\n<p class=\"wp-block-paragraph\">Con los datos de prueba recabados por personal misterial y de la Polic\u00eda de Investigaci\u00f3n del Delito, en la audiencia inicial un Juez de Control calific\u00f3 de legal la detenci\u00f3n y resolvi\u00f3 vincular a proceso al imputado por robo simple, imponi\u00e9ndole como medida cautelar prisi\u00f3n preventiva justificada. Asimismo, la autoridad judicial estableci\u00f3 un mes de investigaci\u00f3n complementaria.<\/p>\n\n\n\n<p class=\"wp-block-paragraph\"><\/p>\n\n\n\n<p class=\"wp-block-paragraph\"><\/p>\n\n\n\n<p class=\"wp-block-paragraph\"><\/p>\n\n\n\n<p class=\"wp-block-paragraph\"><\/p>\n\n\n\n<p class=\"wp-block-paragraph\"><\/p>\n\n\n\n<p class=\"wp-block-paragraph\"><\/p>\n","protected":false},"excerpt":{"rendered":"<p>El imputado fue detenido cuando presuntamente desprend\u00eda cable de un poste ubicado sobre avenida Pie de la Cuesta.<\/p>\n<p>Un Juez de Control calific\u00f3 de legal la detenci\u00f3n e impuso prisi\u00f3n preventiva justificada.<\/p>\n","protected":false},"author":2,"featured_media":31393,"comment_status":"closed","ping_status":"open","sticky":false,"template":"","format":"standard","meta":{"footnotes":""},"categories":[47],"tags":[],"class_list":["post-31396","post","type-post","status-publish","format-standard","has-post-thumbnail","hentry","category-vinculacion"],"_links":{"self":[{"href":"https:\/\/fiscaliageneralqro.gob.mx\/portal\/wp-json\/wp\/v2\/posts\/31396","targetHints":{"allow":["GET"]}}],"collection":[{"href":"https:\/\/fiscaliageneralqro.gob.mx\/portal\/wp-json\/wp\/v2\/posts"}],"about":[{"href":"https:\/\/fiscaliageneralqro.gob.mx\/portal\/wp-json\/wp\/v2\/types\/post"}],"author":[{"embeddable":true,"href":"https:\/\/fiscaliageneralqro.gob.mx\/portal\/wp-json\/wp\/v2\/users\/2"}],"replies":[{"embeddable":true,"href":"https:\/\/fiscaliageneralqro.gob.mx\/portal\/wp-json\/wp\/v2\/comments?post=31396"}],"version-history":[{"count":1,"href":"https:\/\/fiscaliageneralqro.gob.mx\/portal\/wp-json\/wp\/v2\/posts\/31396\/revisions"}],"predecessor-version":[{"id":31397,"href":"https:\/\/fiscaliageneralqro.gob.mx\/portal\/wp-json\/wp\/v2\/posts\/31396\/revisions\/31397"}],"wp:featuredmedia":[{"embeddable":true,"href":"https:\/\/fiscaliageneralqro.gob.mx\/portal\/wp-json\/wp\/v2\/media\/31393"}],"wp:attachment":[{"href":"https:\/\/fiscaliageneralqro.gob.mx\/portal\/wp-json\/wp\/v2\/media?parent=31396"}],"wp:term":[{"taxonomy":"category","embeddable":true,"href":"https:\/\/fiscaliageneralqro.gob.mx\/portal\/wp-json\/wp\/v2\/categories?post=31396"},{"taxonomy":"post_tag","embeddable":true,"href":"https:\/\/fiscaliageneralqro.gob.mx\/portal\/wp-json\/wp\/v2\/tags?post=31396"}],"curies":[{"name":"wp","href":"https:\/\/api.w.org\/{rel}","templated":true}]}}