{"id":31398,"date":"2026-09-02T16:27:56","date_gmt":"2026-09-02T22:27:56","guid":{"rendered":"https:\/\/fiscaliageneralqro.gob.mx\/portal\/?p=31398"},"modified":"2026-09-02T16:27:57","modified_gmt":"2026-09-02T22:27:57","slug":"fiscalia-fortalece-sinergia-internacional-con-consejo-de-europa-para-especializacion-en-ciberdelincuencia","status":"publish","type":"post","link":"https:\/\/fiscaliageneralqro.gob.mx\/portal\/2026\/09\/02\/fiscalia-fortalece-sinergia-internacional-con-consejo-de-europa-para-especializacion-en-ciberdelincuencia\/","title":{"rendered":"Fiscal\u00eda fortalece Sinergia Internacional con Consejo de Europa para especializaci\u00f3n en ciberdelincuencia"},"content":{"rendered":"\n<p class=\"wp-block-paragraph\">Fiscal\u00eda  al d\u00eda<\/p>\n\n\n\n<p class=\"wp-block-paragraph\">Noticias y Actualidad<svg xmlns=\"http:\/\/www.w3.org\/2000\/svg\" id=\"Capa_1\" viewBox=\"0 0 1080 1080\"><\/svg><\/p>\n\n\n\n<p class=\"wp-block-paragraph\">CCS\/467<\/p>\n\n\n\n<p class=\"wp-block-paragraph\">La Fiscal\u00eda General del Estado de Quer\u00e9taro inaugur\u00f3 este d\u00eda el Curso introductorio sobre ciberdelincuencia y pruebas electr\u00f3nicas en M\u00e9xico, dirigido a servidoras y servidores p\u00fablicos de la instituci\u00f3n, con el objetivo de fortalecer sus capacidades para la investigaci\u00f3n y procuraci\u00f3n de justicia ante los retos que representa el entorno digital.<\/p>\n\n\n\n<p class=\"wp-block-paragraph\">El acto inaugural cont\u00f3 con la presencia del Fiscal General, V\u00edctor Antonio De Jes\u00fas Hern\u00e1ndez; la Vicefiscal de Derechos Humanos y Desarrollo Institucional, Yanin Zendejas Rojas; Diana-Roxane Tifor-Gram, Senior Project Officer de la Cybercrime Programme Office (C-PROC) del Consejo de Europa; Elvira Tejada de la Fuente, Fiscal de Sala Coordinadora contra la Criminalidad Inform\u00e1tica de la Fiscal\u00eda General de Espa\u00f1a; Ana Mar\u00eda Mart\u00edn Mart\u00edn de la Escalera, Fiscal de la Unidad de Criminalidad Inform\u00e1tica de la Fiscal\u00eda General de Espa\u00f1a; y Rafael Ramos, Analista Criminal del Sistema de An\u00e1lisis Criminal, Crimen Organizado y Alta Complejidad de la Fiscal\u00eda Regional de Coquimbo, Ministerio P\u00fablico de Chile.<\/p>\n\n\n\n<p class=\"wp-block-paragraph\">La capacitaci\u00f3n se desarrollar\u00e1 durante los primeros d\u00edas de septiembre en las instalaciones de la Fiscal\u00eda, con la participaci\u00f3n de 40 integrantes de distintas \u00e1reas de la instituci\u00f3n, y se realiza con el apoyo del Consejo de Europa, a trav\u00e9s de los proyectos GLACY-e y CyberSPEX, as\u00ed como con la participaci\u00f3n de representantes de las Fiscal\u00edas de Espa\u00f1a y Chile, adem\u00e1s de Paraguay, que se sumar\u00e1 de manera virtual.<\/p>\n\n\n\n<p class=\"wp-block-paragraph\">Este ejercicio de Sinergia Internacional permitir\u00e1 compartir experiencias, metodolog\u00edas y buenas pr\u00e1cticas para fortalecer la investigaci\u00f3n de ciberdelitos, el manejo de evidencia digital, la cooperaci\u00f3n internacional y las capacidades institucionales frente a nuevas modalidades delictivas.<\/p>\n\n\n\n<p class=\"wp-block-paragraph\">La capacitaci\u00f3n se suma a las acciones de Sinergia por Quer\u00e9taro para fortalecer la especializaci\u00f3n permanente de las servidoras y servidores p\u00fablicos, incorporando conocimientos y herramientas que contribuyan a una procuraci\u00f3n de justicia acorde con la evoluci\u00f3n de la delincuencia y los entornos digitales.<\/p>\n\n\n\n<p class=\"wp-block-paragraph\"><\/p>\n\n\n\n<p class=\"wp-block-paragraph\"><\/p>\n\n\n\n<p class=\"wp-block-paragraph\"><\/p>\n\n\n\n<p class=\"wp-block-paragraph\"><\/p>\n\n\n\n<p class=\"wp-block-paragraph\"><\/p>\n\n\n\n<p class=\"wp-block-paragraph\"><\/p>\n","protected":false},"excerpt":{"rendered":"<p>La Fiscal\u00eda de Quer\u00e9taro inaugur\u00f3 un curso sobre ciberdelincuencia y pruebas electr\u00f3nicas dirigido a 40 servidores p\u00fablicos para fortalecer la procuraci\u00f3n de justicia ante los retos del entorno digital.<\/p>\n<p>El programa se realiza con el apoyo del Consejo de Europa y cuenta con la participaci\u00f3n de especialistas de las Fiscal\u00edas de Espa\u00f1a, Chile y Paraguay para compartir metodolog\u00edas y buenas pr\u00e1cticas.<\/p>\n","protected":false},"author":2,"featured_media":31399,"comment_status":"closed","ping_status":"open","sticky":false,"template":"","format":"standard","meta":{"footnotes":""},"categories":[52],"tags":[],"class_list":["post-31398","post","type-post","status-publish","format-standard","has-post-thumbnail","hentry","category-institucional"],"_links":{"self":[{"href":"https:\/\/fiscaliageneralqro.gob.mx\/portal\/wp-json\/wp\/v2\/posts\/31398","targetHints":{"allow":["GET"]}}],"collection":[{"href":"https:\/\/fiscaliageneralqro.gob.mx\/portal\/wp-json\/wp\/v2\/posts"}],"about":[{"href":"https:\/\/fiscaliageneralqro.gob.mx\/portal\/wp-json\/wp\/v2\/types\/post"}],"author":[{"embeddable":true,"href":"https:\/\/fiscaliageneralqro.gob.mx\/portal\/wp-json\/wp\/v2\/users\/2"}],"replies":[{"embeddable":true,"href":"https:\/\/fiscaliageneralqro.gob.mx\/portal\/wp-json\/wp\/v2\/comments?post=31398"}],"version-history":[{"count":1,"href":"https:\/\/fiscaliageneralqro.gob.mx\/portal\/wp-json\/wp\/v2\/posts\/31398\/revisions"}],"predecessor-version":[{"id":31400,"href":"https:\/\/fiscaliageneralqro.gob.mx\/portal\/wp-json\/wp\/v2\/posts\/31398\/revisions\/31400"}],"wp:featuredmedia":[{"embeddable":true,"href":"https:\/\/fiscaliageneralqro.gob.mx\/portal\/wp-json\/wp\/v2\/media\/31399"}],"wp:attachment":[{"href":"https:\/\/fiscaliageneralqro.gob.mx\/portal\/wp-json\/wp\/v2\/media?parent=31398"}],"wp:term":[{"taxonomy":"category","embeddable":true,"href":"https:\/\/fiscaliageneralqro.gob.mx\/portal\/wp-json\/wp\/v2\/categories?post=31398"},{"taxonomy":"post_tag","embeddable":true,"href":"https:\/\/fiscaliageneralqro.gob.mx\/portal\/wp-json\/wp\/v2\/tags?post=31398"}],"curies":[{"name":"wp","href":"https:\/\/api.w.org\/{rel}","templated":true}]}}