{"id":31401,"date":"2026-09-03T10:58:15","date_gmt":"2026-09-03T16:58:15","guid":{"rendered":"https:\/\/fiscaliageneralqro.gob.mx\/portal\/?p=31401"},"modified":"2026-09-03T10:58:15","modified_gmt":"2026-09-03T16:58:15","slug":"fiscal-general-del-estado-de-queretaro-participa-en-el-informe-de-gobierno-del-presidente-municipal-de-corregidora","status":"publish","type":"post","link":"https:\/\/fiscaliageneralqro.gob.mx\/portal\/2026\/09\/03\/fiscal-general-del-estado-de-queretaro-participa-en-el-informe-de-gobierno-del-presidente-municipal-de-corregidora\/","title":{"rendered":"Fiscal General del Estado de Quer\u00e9taro participa en el Informe de Gobierno del presidente municipal de Corregidora"},"content":{"rendered":"\n<p class=\"wp-block-paragraph\">Fiscal\u00eda  al d\u00eda<\/p>\n\n\n\n<p class=\"wp-block-paragraph\">Noticias y Actualidad<svg xmlns=\"http:\/\/www.w3.org\/2000\/svg\" id=\"Capa_1\" viewBox=\"0 0 1080 1080\"><\/svg><\/p>\n\n\n\n<p class=\"wp-block-paragraph\">CCS\/468<\/p>\n\n\n\n<p class=\"wp-block-paragraph\">El <strong>Fiscal General del Estado de Quer\u00e9taro, V\u00edctor Antonio De Jes\u00fas Hern\u00e1ndez<\/strong>, asisti\u00f3 al <strong>Informe de Gobierno del presidente municipal de Corregidora, Josu\u00e9 David Guerrero Tr\u00e1pala<\/strong>, acto que cont\u00f3 con la presencia del <strong>gobernador del estado, Mauricio Kuri Gonz\u00e1lez<\/strong>, as\u00ed como de representantes de los distintos \u00f3rdenes de gobierno e instituciones de la entidad. <\/p>\n\n\n\n<p class=\"wp-block-paragraph\">Durante su mensaje, <strong>Josu\u00e9 David Guerrero Tr\u00e1pala reconoci\u00f3 la coordinaci\u00f3n que encabeza la Fiscal\u00eda General del Estado y el trabajo del Fiscal General, V\u00edctor Antonio De Jes\u00fas Hern\u00e1ndez, en materia de seguridad y procuraci\u00f3n de justicia<\/strong>, destacando la colaboraci\u00f3n institucional que ha permitido sumar esfuerzos y fortalecer las acciones en beneficio de las familias de Corregidora. <\/p>\n\n\n\n<p class=\"wp-block-paragraph\">La presencia del Fiscal General refrenda la <strong>Sinergia permanente con el municipio de Corregidora<\/strong>, a trav\u00e9s de la coordinaci\u00f3n, el intercambio de informaci\u00f3n e inteligencia y el trabajo conjunto entre las instituciones encargadas de la seguridad y la procuraci\u00f3n de justicia, para continuar fortaleciendo las condiciones de seguridad en Corregidora y en todo el Estado.<\/p>\n\n\n\n<p class=\"wp-block-paragraph\"><\/p>\n\n\n\n<p class=\"wp-block-paragraph\"><\/p>\n\n\n\n<p class=\"wp-block-paragraph\"><\/p>\n\n\n\n<p class=\"wp-block-paragraph\"><\/p>\n\n\n\n<p class=\"wp-block-paragraph\"><\/p>\n\n\n\n<p class=\"wp-block-paragraph\"><\/p>\n","protected":false},"excerpt":{"rendered":"<p>El Fiscal General del Estado de Quer\u00e9taro asisti\u00f3 al Informe de Gobierno del presidente municipal de Corregidora, refrendando la colaboraci\u00f3n institucional.<\/p>\n<p>El alcalde de Corregidora reconoci\u00f3 la efectiva coordinaci\u00f3n que encabeza la Fiscal\u00eda General del Estado en materia de seguridad y procuraci\u00f3n de justicia.<\/p>\n","protected":false},"author":2,"featured_media":31402,"comment_status":"closed","ping_status":"open","sticky":false,"template":"","format":"standard","meta":{"footnotes":""},"categories":[52],"tags":[],"class_list":["post-31401","post","type-post","status-publish","format-standard","has-post-thumbnail","hentry","category-institucional"],"_links":{"self":[{"href":"https:\/\/fiscaliageneralqro.gob.mx\/portal\/wp-json\/wp\/v2\/posts\/31401","targetHints":{"allow":["GET"]}}],"collection":[{"href":"https:\/\/fiscaliageneralqro.gob.mx\/portal\/wp-json\/wp\/v2\/posts"}],"about":[{"href":"https:\/\/fiscaliageneralqro.gob.mx\/portal\/wp-json\/wp\/v2\/types\/post"}],"author":[{"embeddable":true,"href":"https:\/\/fiscaliageneralqro.gob.mx\/portal\/wp-json\/wp\/v2\/users\/2"}],"replies":[{"embeddable":true,"href":"https:\/\/fiscaliageneralqro.gob.mx\/portal\/wp-json\/wp\/v2\/comments?post=31401"}],"version-history":[{"count":1,"href":"https:\/\/fiscaliageneralqro.gob.mx\/portal\/wp-json\/wp\/v2\/posts\/31401\/revisions"}],"predecessor-version":[{"id":31403,"href":"https:\/\/fiscaliageneralqro.gob.mx\/portal\/wp-json\/wp\/v2\/posts\/31401\/revisions\/31403"}],"wp:featuredmedia":[{"embeddable":true,"href":"https:\/\/fiscaliageneralqro.gob.mx\/portal\/wp-json\/wp\/v2\/media\/31402"}],"wp:attachment":[{"href":"https:\/\/fiscaliageneralqro.gob.mx\/portal\/wp-json\/wp\/v2\/media?parent=31401"}],"wp:term":[{"taxonomy":"category","embeddable":true,"href":"https:\/\/fiscaliageneralqro.gob.mx\/portal\/wp-json\/wp\/v2\/categories?post=31401"},{"taxonomy":"post_tag","embeddable":true,"href":"https:\/\/fiscaliageneralqro.gob.mx\/portal\/wp-json\/wp\/v2\/tags?post=31401"}],"curies":[{"name":"wp","href":"https:\/\/api.w.org\/{rel}","templated":true}]}}