{"id":31411,"date":"2026-09-04T14:57:45","date_gmt":"2026-09-04T20:57:45","guid":{"rendered":"https:\/\/fiscaliageneralqro.gob.mx\/portal\/?p=31411"},"modified":"2026-09-04T14:57:46","modified_gmt":"2026-09-04T20:57:46","slug":"en-prision-por-robo-quebrantando-la-confianza-de-mas-de-70-millones-de-pesos","status":"publish","type":"post","link":"https:\/\/fiscaliageneralqro.gob.mx\/portal\/2026\/09\/04\/en-prision-por-robo-quebrantando-la-confianza-de-mas-de-70-millones-de-pesos\/","title":{"rendered":"En prisi\u00f3n por robo quebrantando la confianza de m\u00e1s de 70 millones de pesos"},"content":{"rendered":"\n<p class=\"wp-block-paragraph\">Fiscal\u00eda  al d\u00eda<\/p>\n\n\n\n<p class=\"wp-block-paragraph\">Noticias y Actualidad<svg xmlns=\"http:\/\/www.w3.org\/2000\/svg\" id=\"Capa_1\" viewBox=\"0 0 1080 1080\"><\/svg><\/p>\n\n\n\n<p class=\"wp-block-paragraph\">CCS\/471<\/p>\n\n\n\n<p class=\"wp-block-paragraph\">La Fiscal\u00eda General del Estado de Quer\u00e9taro obtuvo la vinculaci\u00f3n a proceso de Manrique \u201cN\u201d por el delito de robo calificado, quebrantando la confianza, derivado de una investigaci\u00f3n por la disposici\u00f3n de m\u00e1s de 70 millones de pesos pertenecientes a las personas morales para las que laboraba.<\/p>\n\n\n\n<p class=\"wp-block-paragraph\">Los actos de investigaci\u00f3n permitieron identificar al probable interviniente y obtener informaci\u00f3n financiera mediante la cual se establecieron movimientos bancarios relacionados con la transferencia de recursos provenientes de las cuentas de las personas morales ofendidas hacia cuentas personales, por un monto superior a 70 millones de pesos.<\/p>\n\n\n\n<p class=\"wp-block-paragraph\">Con los datos de prueba obtenidos, esta Fiscal\u00eda solicit\u00f3 y obtuvo de un Juez de Control una orden de aprehensi\u00f3n, adem\u00e1s de una orden de cateo para un inmueble ubicado en el fraccionamiento Mirador del Campanario, en el municipio de Quer\u00e9taro.<\/p>\n\n\n\n<p class=\"wp-block-paragraph\">En acciones de Sinergia por Quer\u00e9taro, la diligencia fue encabezada por elementos de la Polic\u00eda de Investigaci\u00f3n del Delito, con apoyo de la Polic\u00eda Estatal y la Polic\u00eda Municipal de Quer\u00e9taro, logrando cumplimentar la orden de aprehensi\u00f3n en contra del imputado.<\/p>\n\n\n\n<p class=\"wp-block-paragraph\">Durante la audiencia inicial por cumplimiento de orden de aprehensi\u00f3n, un Juez de Control resolvi\u00f3 vincular a proceso a Manrique \u201cN\u201d por robo quebrantando la confianza e impuso como medida cautelar prisi\u00f3n preventiva justificada.<\/p>\n\n\n\n<p class=\"wp-block-paragraph\"><\/p>\n\n\n\n<p class=\"wp-block-paragraph\"><\/p>\n\n\n\n<p class=\"wp-block-paragraph\"><\/p>\n\n\n\n<p class=\"wp-block-paragraph\"><\/p>\n\n\n\n<p class=\"wp-block-paragraph\"><\/p>\n\n\n\n<p class=\"wp-block-paragraph\"><\/p>\n","protected":false},"excerpt":{"rendered":"<p>El imputado habr\u00eda realizado transferencias de recursos de las empresas para las que laboraba hacia cuentas personales.<\/p>\n<p>La PID cumpliment\u00f3 la orden de aprehensi\u00f3n durante un cateo realizado en Sinergia con POES y Polic\u00eda Municipal.<\/p>\n","protected":false},"author":2,"featured_media":31412,"comment_status":"closed","ping_status":"open","sticky":false,"template":"","format":"standard","meta":{"footnotes":""},"categories":[47],"tags":[],"class_list":["post-31411","post","type-post","status-publish","format-standard","has-post-thumbnail","hentry","category-vinculacion"],"_links":{"self":[{"href":"https:\/\/fiscaliageneralqro.gob.mx\/portal\/wp-json\/wp\/v2\/posts\/31411","targetHints":{"allow":["GET"]}}],"collection":[{"href":"https:\/\/fiscaliageneralqro.gob.mx\/portal\/wp-json\/wp\/v2\/posts"}],"about":[{"href":"https:\/\/fiscaliageneralqro.gob.mx\/portal\/wp-json\/wp\/v2\/types\/post"}],"author":[{"embeddable":true,"href":"https:\/\/fiscaliageneralqro.gob.mx\/portal\/wp-json\/wp\/v2\/users\/2"}],"replies":[{"embeddable":true,"href":"https:\/\/fiscaliageneralqro.gob.mx\/portal\/wp-json\/wp\/v2\/comments?post=31411"}],"version-history":[{"count":1,"href":"https:\/\/fiscaliageneralqro.gob.mx\/portal\/wp-json\/wp\/v2\/posts\/31411\/revisions"}],"predecessor-version":[{"id":31414,"href":"https:\/\/fiscaliageneralqro.gob.mx\/portal\/wp-json\/wp\/v2\/posts\/31411\/revisions\/31414"}],"wp:featuredmedia":[{"embeddable":true,"href":"https:\/\/fiscaliageneralqro.gob.mx\/portal\/wp-json\/wp\/v2\/media\/31412"}],"wp:attachment":[{"href":"https:\/\/fiscaliageneralqro.gob.mx\/portal\/wp-json\/wp\/v2\/media?parent=31411"}],"wp:term":[{"taxonomy":"category","embeddable":true,"href":"https:\/\/fiscaliageneralqro.gob.mx\/portal\/wp-json\/wp\/v2\/categories?post=31411"},{"taxonomy":"post_tag","embeddable":true,"href":"https:\/\/fiscaliageneralqro.gob.mx\/portal\/wp-json\/wp\/v2\/tags?post=31411"}],"curies":[{"name":"wp","href":"https:\/\/api.w.org\/{rel}","templated":true}]}}